{"id":2878,"date":"2017-04-01T12:49:02","date_gmt":"2017-04-01T11:49:02","guid":{"rendered":"http:\/\/widz.info\/?p=2878"},"modified":"2017-04-01T13:54:05","modified_gmt":"2017-04-01T12:54:05","slug":"wladyslaw-aleksander-malecki-mistrz-pejzazu-1836-1900","status":"publish","type":"post","link":"http:\/\/widz.info\/?p=2878","title":{"rendered":"W\u0142adys\u0142aw Aleksander Malecki &#8211; mistrz pejza\u017cu (1836 &#8211; 1900)"},"content":{"rendered":"<p><strong>Malarz realista, pejza\u017cysta i &#8211; cokolwiek by to znaczy\u0142o &#8211; przedstawiciel szko\u0142y monachijskiej urodzi\u0142 sie jako syn Ignacego pisarza prowentowego, a p\u00f3\u017aniej kasjera zak\u0142ad\u00f3w g\u00f3rniczych w Suchedniowie. Malecki studiowa\u0142 w warszawskiej Szkole Sztuk Pieknych pod kierunkiem profesora Chrystiana Breslauera (1802 &#8211; 1882) te\u017c pejza\u017cysty. Otrzymawszy stypendium rzadowe, od 1866 r. kontynuowa\u0142 nauk\u0119 w Monachium. Jak podobno wszyscy malarze szko\u0142y monachijskiej malowa\u0142 bardzo polskie obrazy i krajobrazy. Zwraca uwag\u0119 tematyka przemarszu wojsk powsta\u0144czych podczas Powstanie Styczniowego.<br \/>\n<\/strong><\/p>\n<p><strong>Jak napisa\u0142a <i>Nina Kinitz <\/i>w artykule &#8222;<a href=\"http:\/\/www.polskiemuzy.pl\/wladyslaw-malecki-koneser-nastrojowych-krajobrazow-i-tworca-realistycznych-obrazow\" target=\"_blank\">W\u0142adys\u0142aw Malecki \u2013 koneser nastrojowych krajobraz\u00f3w_ i tw\u00f3rca realistycznych obraz\u00f3w<\/a>&#8221; rodacy niezbyt przychylnie traktowali artyst\u0119, kt\u00f3ry : &#8222;jest przyk\u0142adem artysty, kt\u00f3ry odni\u00f3s\u0142 mi\u0119dzynarodowy sukces, lecz po powrocie z zagranicznych woja\u017cy zosta\u0142 poddany ostrej krytyce ze strony rodak\u00f3w. Doskonale wypracowany warsztat, \u015bwietny zmys\u0142 obserwacji oraz talent malarza doceniono dopiero na wiele lat po jego \u015bmierci&#8221; (w artykule tym znajdziemy wiele ciekawych informacji o malarzu i jego otoczeniu). No to si\u0119 wielu artystom, niestety, zdarza.<br \/>\n<\/strong><\/p>\n<p><strong>No a teraz popatrzmy na tego niedocenionego za \u017cycia malarza, kt\u00f3rego dzie\u0142a teraz na aukcjach osi\u0105gaj\u0105 do\u015b\u0107 wysokie (jak na warunki polskie) ceny (UWAGA: Prosz\u0119 klika\u0107 w obrazki do oporu, a zobaczymy wizerunek w najwi\u0119kszym mo\u017cliwym rozmiarze):<\/strong><\/p>\n<div id='gallery-1' class='gallery galleryid-2878 gallery-columns-3 gallery-size-thumbnail'><figure class='gallery-item'>\n\t\t\t<div class='gallery-icon landscape'>\n\t\t\t\t<a href='http:\/\/widz.info\/?attachment_id=2883'><img width=\"150\" height=\"150\" src=\"http:\/\/widz.info\/wp-content\/uploads\/2017\/03\/Aleja_parkowa-1886-150x150.jpg\" class=\"attachment-thumbnail size-thumbnail\" alt=\"\" loading=\"lazy\" aria-describedby=\"gallery-1-2883\" srcset=\"http:\/\/widz.info\/wp-content\/uploads\/2017\/03\/Aleja_parkowa-1886-150x150.jpg 150w, http:\/\/widz.info\/wp-content\/uploads\/2017\/03\/Aleja_parkowa-1886-50x50.jpg 50w\" sizes=\"(max-width: 150px) 100vw, 150px\" \/><\/a>\n\t\t\t<\/div>\n\t\t\t\t<figcaption class='wp-caption-text gallery-caption' id='gallery-1-2883'>\n\t\t\t\tAleja parkowa, 1886\n\t\t\t\t<\/figcaption><\/figure><figure class='gallery-item'>\n\t\t\t<div class='gallery-icon landscape'>\n\t\t\t\t<a href='http:\/\/widz.info\/?attachment_id=2885'><img width=\"150\" height=\"150\" src=\"http:\/\/widz.info\/wp-content\/uploads\/2017\/03\/Klasztor_Bernardynow-150x150.jpg\" class=\"attachment-thumbnail size-thumbnail\" alt=\"\" loading=\"lazy\" aria-describedby=\"gallery-1-2885\" srcset=\"http:\/\/widz.info\/wp-content\/uploads\/2017\/03\/Klasztor_Bernardynow-150x150.jpg 150w, http:\/\/widz.info\/wp-content\/uploads\/2017\/03\/Klasztor_Bernardynow-50x50.jpg 50w\" sizes=\"(max-width: 150px) 100vw, 150px\" \/><\/a>\n\t\t\t<\/div>\n\t\t\t\t<figcaption class='wp-caption-text gallery-caption' id='gallery-1-2885'>\n\t\t\t\tKlasztor Bernardyn\u00f3w\n\t\t\t\t<\/figcaption><\/figure><figure class='gallery-item'>\n\t\t\t<div class='gallery-icon landscape'>\n\t\t\t\t<a href='http:\/\/widz.info\/?attachment_id=2886'><img width=\"150\" height=\"150\" src=\"http:\/\/widz.info\/wp-content\/uploads\/2017\/03\/KO\u015aCI\u00d3\u0141-I-KLASZTOR-W-KIELECKIEM-lata-80.-XIX-150x150.jpg\" class=\"attachment-thumbnail size-thumbnail\" alt=\"\" loading=\"lazy\" aria-describedby=\"gallery-1-2886\" srcset=\"http:\/\/widz.info\/wp-content\/uploads\/2017\/03\/KO\u015aCI\u00d3\u0141-I-KLASZTOR-W-KIELECKIEM-lata-80.-XIX-150x150.jpg 150w, http:\/\/widz.info\/wp-content\/uploads\/2017\/03\/KO\u015aCI\u00d3\u0141-I-KLASZTOR-W-KIELECKIEM-lata-80.-XIX-50x50.jpg 50w\" sizes=\"(max-width: 150px) 100vw, 150px\" \/><\/a>\n\t\t\t<\/div>\n\t\t\t\t<figcaption class='wp-caption-text gallery-caption' id='gallery-1-2886'>\n\t\t\t\tKo\u015bci\u00f3\u0142 i klasztor w kieleckiem, lata 80 XIX w.\n\t\t\t\t<\/figcaption><\/figure><figure class='gallery-item'>\n\t\t\t<div class='gallery-icon landscape'>\n\t\t\t\t<a href='http:\/\/widz.info\/?attachment_id=2887'><img width=\"150\" height=\"150\" src=\"http:\/\/widz.info\/wp-content\/uploads\/2017\/03\/Krajobraz-po-1874-150x150.jpg\" class=\"attachment-thumbnail size-thumbnail\" alt=\"\" loading=\"lazy\" aria-describedby=\"gallery-1-2887\" srcset=\"http:\/\/widz.info\/wp-content\/uploads\/2017\/03\/Krajobraz-po-1874-150x150.jpg 150w, http:\/\/widz.info\/wp-content\/uploads\/2017\/03\/Krajobraz-po-1874-50x50.jpg 50w\" sizes=\"(max-width: 150px) 100vw, 150px\" \/><\/a>\n\t\t\t<\/div>\n\t\t\t\t<figcaption class='wp-caption-text gallery-caption' id='gallery-1-2887'>\n\t\t\t\tKrajobraz, po 1874\n\t\t\t\t<\/figcaption><\/figure><figure class='gallery-item'>\n\t\t\t<div class='gallery-icon landscape'>\n\t\t\t\t<a href='http:\/\/widz.info\/?attachment_id=2888'><img width=\"150\" height=\"150\" src=\"http:\/\/widz.info\/wp-content\/uploads\/2017\/03\/Krajobraz_lesny-1883-150x150.jpg\" class=\"attachment-thumbnail size-thumbnail\" alt=\"\" loading=\"lazy\" aria-describedby=\"gallery-1-2888\" srcset=\"http:\/\/widz.info\/wp-content\/uploads\/2017\/03\/Krajobraz_lesny-1883-150x150.jpg 150w, http:\/\/widz.info\/wp-content\/uploads\/2017\/03\/Krajobraz_lesny-1883-50x50.jpg 50w\" sizes=\"(max-width: 150px) 100vw, 150px\" \/><\/a>\n\t\t\t<\/div>\n\t\t\t\t<figcaption class='wp-caption-text gallery-caption' id='gallery-1-2888'>\n\t\t\t\tKrajobraz le\u015bny, 1883 \n\t\t\t\t<\/figcaption><\/figure><figure class='gallery-item'>\n\t\t\t<div class='gallery-icon landscape'>\n\t\t\t\t<a href='http:\/\/widz.info\/?attachment_id=2889'><img width=\"150\" height=\"150\" src=\"http:\/\/widz.info\/wp-content\/uploads\/2017\/03\/MaleckiWladyslaw.SejmBociani.1874-150x150.jpg\" class=\"attachment-thumbnail size-thumbnail\" alt=\"\" loading=\"lazy\" aria-describedby=\"gallery-1-2889\" srcset=\"http:\/\/widz.info\/wp-content\/uploads\/2017\/03\/MaleckiWladyslaw.SejmBociani.1874-150x150.jpg 150w, http:\/\/widz.info\/wp-content\/uploads\/2017\/03\/MaleckiWladyslaw.SejmBociani.1874-50x50.jpg 50w\" sizes=\"(max-width: 150px) 100vw, 150px\" \/><\/a>\n\t\t\t<\/div>\n\t\t\t\t<figcaption class='wp-caption-text gallery-caption' id='gallery-1-2889'>\n\t\t\t\tSejm bociani 1874\n\t\t\t\t<\/figcaption><\/figure><figure class='gallery-item'>\n\t\t\t<div class='gallery-icon portrait'>\n\t\t\t\t<a href='http:\/\/widz.info\/?attachment_id=2890'><img width=\"150\" height=\"150\" src=\"http:\/\/widz.info\/wp-content\/uploads\/2017\/03\/Motyw_lesny-1889-150x150.jpg\" class=\"attachment-thumbnail size-thumbnail\" alt=\"\" loading=\"lazy\" aria-describedby=\"gallery-1-2890\" srcset=\"http:\/\/widz.info\/wp-content\/uploads\/2017\/03\/Motyw_lesny-1889-150x150.jpg 150w, http:\/\/widz.info\/wp-content\/uploads\/2017\/03\/Motyw_lesny-1889-50x50.jpg 50w\" sizes=\"(max-width: 150px) 100vw, 150px\" \/><\/a>\n\t\t\t<\/div>\n\t\t\t\t<figcaption class='wp-caption-text gallery-caption' id='gallery-1-2890'>\n\t\t\t\tMotyw lesny, 1889\n\t\t\t\t<\/figcaption><\/figure><figure class='gallery-item'>\n\t\t\t<div class='gallery-icon portrait'>\n\t\t\t\t<a href='http:\/\/widz.info\/?attachment_id=2891'><img width=\"150\" height=\"150\" src=\"http:\/\/widz.info\/wp-content\/uploads\/2017\/03\/Na_lesnej_lace-150x150.jpg\" class=\"attachment-thumbnail size-thumbnail\" alt=\"\" loading=\"lazy\" aria-describedby=\"gallery-1-2891\" srcset=\"http:\/\/widz.info\/wp-content\/uploads\/2017\/03\/Na_lesnej_lace-150x150.jpg 150w, http:\/\/widz.info\/wp-content\/uploads\/2017\/03\/Na_lesnej_lace-50x50.jpg 50w\" sizes=\"(max-width: 150px) 100vw, 150px\" \/><\/a>\n\t\t\t<\/div>\n\t\t\t\t<figcaption class='wp-caption-text gallery-caption' id='gallery-1-2891'>\n\t\t\t\tNa le\u015bnej \u0142\u0105ce\n\t\t\t\t<\/figcaption><\/figure><figure class='gallery-item'>\n\t\t\t<div class='gallery-icon portrait'>\n\t\t\t\t<a href='http:\/\/widz.info\/?attachment_id=2892'><img width=\"150\" height=\"150\" src=\"http:\/\/widz.info\/wp-content\/uploads\/2017\/03\/Owoce-i-lampa-naftowa-150x150.jpg\" class=\"attachment-thumbnail size-thumbnail\" alt=\"\" loading=\"lazy\" aria-describedby=\"gallery-1-2892\" srcset=\"http:\/\/widz.info\/wp-content\/uploads\/2017\/03\/Owoce-i-lampa-naftowa-150x150.jpg 150w, http:\/\/widz.info\/wp-content\/uploads\/2017\/03\/Owoce-i-lampa-naftowa-50x50.jpg 50w\" sizes=\"(max-width: 150px) 100vw, 150px\" \/><\/a>\n\t\t\t<\/div>\n\t\t\t\t<figcaption class='wp-caption-text gallery-caption' id='gallery-1-2892'>\n\t\t\t\tOwoce i lampa naftowa\n\t\t\t\t<\/figcaption><\/figure><figure class='gallery-item'>\n\t\t\t<div class='gallery-icon landscape'>\n\t\t\t\t<a href='http:\/\/widz.info\/?attachment_id=2893'><img width=\"150\" height=\"150\" src=\"http:\/\/widz.info\/wp-content\/uploads\/2017\/03\/Patrol_powstanczy-1883-150x150.jpg\" class=\"attachment-thumbnail size-thumbnail\" alt=\"\" loading=\"lazy\" aria-describedby=\"gallery-1-2893\" srcset=\"http:\/\/widz.info\/wp-content\/uploads\/2017\/03\/Patrol_powstanczy-1883-150x150.jpg 150w, http:\/\/widz.info\/wp-content\/uploads\/2017\/03\/Patrol_powstanczy-1883-50x50.jpg 50w\" sizes=\"(max-width: 150px) 100vw, 150px\" \/><\/a>\n\t\t\t<\/div>\n\t\t\t\t<figcaption class='wp-caption-text gallery-caption' id='gallery-1-2893'>\n\t\t\t\tPatrol powsta\u0144czy, 1883\n\t\t\t\t<\/figcaption><\/figure><figure class='gallery-item'>\n\t\t\t<div class='gallery-icon landscape'>\n\t\t\t\t<a href='http:\/\/widz.info\/?attachment_id=2894'><img width=\"150\" height=\"150\" src=\"http:\/\/widz.info\/wp-content\/uploads\/2017\/03\/pejzaz-150x150.jpg\" class=\"attachment-thumbnail size-thumbnail\" alt=\"\" loading=\"lazy\" aria-describedby=\"gallery-1-2894\" srcset=\"http:\/\/widz.info\/wp-content\/uploads\/2017\/03\/pejzaz-150x150.jpg 150w, http:\/\/widz.info\/wp-content\/uploads\/2017\/03\/pejzaz-50x50.jpg 50w\" sizes=\"(max-width: 150px) 100vw, 150px\" \/><\/a>\n\t\t\t<\/div>\n\t\t\t\t<figcaption class='wp-caption-text gallery-caption' id='gallery-1-2894'>\n\t\t\t\tPejza\u017c\n\t\t\t\t<\/figcaption><\/figure><figure class='gallery-item'>\n\t\t\t<div class='gallery-icon landscape'>\n\t\t\t\t<a href='http:\/\/widz.info\/?attachment_id=2895'><img width=\"150\" height=\"150\" src=\"http:\/\/widz.info\/wp-content\/uploads\/2017\/03\/Pejzaz_alpejski-gwasz-1887-150x150.jpg\" class=\"attachment-thumbnail size-thumbnail\" alt=\"\" loading=\"lazy\" aria-describedby=\"gallery-1-2895\" srcset=\"http:\/\/widz.info\/wp-content\/uploads\/2017\/03\/Pejzaz_alpejski-gwasz-1887-150x150.jpg 150w, http:\/\/widz.info\/wp-content\/uploads\/2017\/03\/Pejzaz_alpejski-gwasz-1887-50x50.jpg 50w\" sizes=\"(max-width: 150px) 100vw, 150px\" \/><\/a>\n\t\t\t<\/div>\n\t\t\t\t<figcaption class='wp-caption-text gallery-caption' id='gallery-1-2895'>\n\t\t\t\tPejza\u017c alpejski, gwasz, 1887\n\t\t\t\t<\/figcaption><\/figure><figure class='gallery-item'>\n\t\t\t<div class='gallery-icon portrait'>\n\t\t\t\t<a href='http:\/\/widz.info\/?attachment_id=2896'><img width=\"150\" height=\"150\" src=\"http:\/\/widz.info\/wp-content\/uploads\/2017\/03\/Pejzaz_gorski1884-150x150.jpg\" class=\"attachment-thumbnail size-thumbnail\" alt=\"\" loading=\"lazy\" aria-describedby=\"gallery-1-2896\" srcset=\"http:\/\/widz.info\/wp-content\/uploads\/2017\/03\/Pejzaz_gorski1884-150x150.jpg 150w, http:\/\/widz.info\/wp-content\/uploads\/2017\/03\/Pejzaz_gorski1884-50x50.jpg 50w\" sizes=\"(max-width: 150px) 100vw, 150px\" \/><\/a>\n\t\t\t<\/div>\n\t\t\t\t<figcaption class='wp-caption-text gallery-caption' id='gallery-1-2896'>\n\t\t\t\tPejza\u017c g\u00f3rski, 1884\n\t\t\t\t<\/figcaption><\/figure><figure class='gallery-item'>\n\t\t\t<div class='gallery-icon landscape'>\n\t\t\t\t<a href='http:\/\/widz.info\/?attachment_id=2897'><img width=\"150\" height=\"150\" src=\"http:\/\/widz.info\/wp-content\/uploads\/2017\/03\/Pejzaz_z_kapliczka-150x150.jpg\" class=\"attachment-thumbnail size-thumbnail\" alt=\"\" loading=\"lazy\" aria-describedby=\"gallery-1-2897\" srcset=\"http:\/\/widz.info\/wp-content\/uploads\/2017\/03\/Pejzaz_z_kapliczka-150x150.jpg 150w, http:\/\/widz.info\/wp-content\/uploads\/2017\/03\/Pejzaz_z_kapliczka-50x50.jpg 50w\" sizes=\"(max-width: 150px) 100vw, 150px\" \/><\/a>\n\t\t\t<\/div>\n\t\t\t\t<figcaption class='wp-caption-text gallery-caption' id='gallery-1-2897'>\n\t\t\t\tPejza\u017c z kapliczk\u0105\n\t\t\t\t<\/figcaption><\/figure><figure class='gallery-item'>\n\t\t\t<div class='gallery-icon landscape'>\n\t\t\t\t<a href='http:\/\/widz.info\/?attachment_id=2898'><img width=\"150\" height=\"150\" src=\"http:\/\/widz.info\/wp-content\/uploads\/2017\/03\/Pejzaz_ze_stawem-ok-1880-150x150.jpg\" class=\"attachment-thumbnail size-thumbnail\" alt=\"\" loading=\"lazy\" aria-describedby=\"gallery-1-2898\" srcset=\"http:\/\/widz.info\/wp-content\/uploads\/2017\/03\/Pejzaz_ze_stawem-ok-1880-150x150.jpg 150w, http:\/\/widz.info\/wp-content\/uploads\/2017\/03\/Pejzaz_ze_stawem-ok-1880-50x50.jpg 50w\" sizes=\"(max-width: 150px) 100vw, 150px\" \/><\/a>\n\t\t\t<\/div>\n\t\t\t\t<figcaption class='wp-caption-text gallery-caption' id='gallery-1-2898'>\n\t\t\t\tPejza\u017c ze stawem, ok. 1880\n\t\t\t\t<\/figcaption><\/figure><figure class='gallery-item'>\n\t\t\t<div class='gallery-icon landscape'>\n\t\t\t\t<a href='http:\/\/widz.info\/?attachment_id=2899'><img width=\"150\" height=\"150\" src=\"http:\/\/widz.info\/wp-content\/uploads\/2017\/03\/PEJZA\u017b-LETNI-Z-\u0141ANEM-ZBO\u017bA-150x150.jpg\" class=\"attachment-thumbnail size-thumbnail\" alt=\"\" loading=\"lazy\" aria-describedby=\"gallery-1-2899\" srcset=\"http:\/\/widz.info\/wp-content\/uploads\/2017\/03\/PEJZA\u017b-LETNI-Z-\u0141ANEM-ZBO\u017bA-150x150.jpg 150w, http:\/\/widz.info\/wp-content\/uploads\/2017\/03\/PEJZA\u017b-LETNI-Z-\u0141ANEM-ZBO\u017bA-50x50.jpg 50w\" sizes=\"(max-width: 150px) 100vw, 150px\" \/><\/a>\n\t\t\t<\/div>\n\t\t\t\t<figcaption class='wp-caption-text gallery-caption' id='gallery-1-2899'>\n\t\t\t\tPejza\u017c letni z \u0142anem zbo\u017ca\n\t\t\t\t<\/figcaption><\/figure><figure class='gallery-item'>\n\t\t\t<div class='gallery-icon landscape'>\n\t\t\t\t<a href='http:\/\/widz.info\/?attachment_id=2900'><img width=\"150\" height=\"150\" src=\"http:\/\/widz.info\/wp-content\/uploads\/2017\/03\/Pejza\u017c-z-ko\u015bci\u00f3\u0142kiem-1870-150x150.jpg\" class=\"attachment-thumbnail size-thumbnail\" alt=\"\" loading=\"lazy\" aria-describedby=\"gallery-1-2900\" srcset=\"http:\/\/widz.info\/wp-content\/uploads\/2017\/03\/Pejza\u017c-z-ko\u015bci\u00f3\u0142kiem-1870-150x150.jpg 150w, http:\/\/widz.info\/wp-content\/uploads\/2017\/03\/Pejza\u017c-z-ko\u015bci\u00f3\u0142kiem-1870-50x50.jpg 50w\" sizes=\"(max-width: 150px) 100vw, 150px\" \/><\/a>\n\t\t\t<\/div>\n\t\t\t\t<figcaption class='wp-caption-text gallery-caption' id='gallery-1-2900'>\n\t\t\t\tPejza\u017c z ko\u015bci\u00f3\u0142kiem\n\t\t\t\t<\/figcaption><\/figure><figure class='gallery-item'>\n\t\t\t<div class='gallery-icon landscape'>\n\t\t\t\t<a href='http:\/\/widz.info\/?attachment_id=2901'><img width=\"150\" height=\"150\" src=\"http:\/\/widz.info\/wp-content\/uploads\/2017\/03\/Pejza\u017c-z-\u0142\u0105k\u0105-kwiatow\u0105-150x150.jpg\" class=\"attachment-thumbnail size-thumbnail\" alt=\"\" loading=\"lazy\" aria-describedby=\"gallery-1-2901\" srcset=\"http:\/\/widz.info\/wp-content\/uploads\/2017\/03\/Pejza\u017c-z-\u0142\u0105k\u0105-kwiatow\u0105-150x150.jpg 150w, http:\/\/widz.info\/wp-content\/uploads\/2017\/03\/Pejza\u017c-z-\u0142\u0105k\u0105-kwiatow\u0105-50x50.jpg 50w\" sizes=\"(max-width: 150px) 100vw, 150px\" \/><\/a>\n\t\t\t<\/div>\n\t\t\t\t<figcaption class='wp-caption-text gallery-caption' id='gallery-1-2901'>\n\t\t\t\tPejza\u017c z \u0142\u0105k\u0105 kwiatow\u0105\n\t\t\t\t<\/figcaption><\/figure><figure class='gallery-item'>\n\t\t\t<div class='gallery-icon landscape'>\n\t\t\t\t<a href='http:\/\/widz.info\/?attachment_id=2902'><img width=\"150\" height=\"150\" src=\"http:\/\/widz.info\/wp-content\/uploads\/2017\/03\/PEJZA\u017b-Z-WIOSK\u0104-W-ODDALI-1897-150x150.jpg\" class=\"attachment-thumbnail size-thumbnail\" alt=\"\" loading=\"lazy\" aria-describedby=\"gallery-1-2902\" srcset=\"http:\/\/widz.info\/wp-content\/uploads\/2017\/03\/PEJZA\u017b-Z-WIOSK\u0104-W-ODDALI-1897-150x150.jpg 150w, http:\/\/widz.info\/wp-content\/uploads\/2017\/03\/PEJZA\u017b-Z-WIOSK\u0104-W-ODDALI-1897-50x50.jpg 50w\" sizes=\"(max-width: 150px) 100vw, 150px\" \/><\/a>\n\t\t\t<\/div>\n\t\t\t\t<figcaption class='wp-caption-text gallery-caption' id='gallery-1-2902'>\n\t\t\t\tPejza\u017c z wiosk\u0105 w oddali, 1897\n\t\t\t\t<\/figcaption><\/figure><figure class='gallery-item'>\n\t\t\t<div class='gallery-icon landscape'>\n\t\t\t\t<a href='http:\/\/widz.info\/?attachment_id=2903'><img width=\"150\" height=\"150\" src=\"http:\/\/widz.info\/wp-content\/uploads\/2017\/03\/Pochod_Kozakow-przed-1883-150x150.jpg\" class=\"attachment-thumbnail size-thumbnail\" alt=\"\" loading=\"lazy\" aria-describedby=\"gallery-1-2903\" srcset=\"http:\/\/widz.info\/wp-content\/uploads\/2017\/03\/Pochod_Kozakow-przed-1883-150x150.jpg 150w, http:\/\/widz.info\/wp-content\/uploads\/2017\/03\/Pochod_Kozakow-przed-1883-50x50.jpg 50w\" sizes=\"(max-width: 150px) 100vw, 150px\" \/><\/a>\n\t\t\t<\/div>\n\t\t\t\t<figcaption class='wp-caption-text gallery-caption' id='gallery-1-2903'>\n\t\t\t\tPoch\u00f3d kozak\u00f3w, przed 1883\n\t\t\t\t<\/figcaption><\/figure><figure class='gallery-item'>\n\t\t\t<div class='gallery-icon landscape'>\n\t\t\t\t<a href='http:\/\/widz.info\/?attachment_id=2904'><img width=\"150\" height=\"150\" src=\"http:\/\/widz.info\/wp-content\/uploads\/2017\/03\/Przemarsz-wojska-1871-150x150.jpg\" class=\"attachment-thumbnail size-thumbnail\" alt=\"\" loading=\"lazy\" aria-describedby=\"gallery-1-2904\" srcset=\"http:\/\/widz.info\/wp-content\/uploads\/2017\/03\/Przemarsz-wojska-1871-150x150.jpg 150w, http:\/\/widz.info\/wp-content\/uploads\/2017\/03\/Przemarsz-wojska-1871-50x50.jpg 50w\" sizes=\"(max-width: 150px) 100vw, 150px\" \/><\/a>\n\t\t\t<\/div>\n\t\t\t\t<figcaption class='wp-caption-text gallery-caption' id='gallery-1-2904'>\n\t\t\t\tPrzemarsz wojska, 1871\n\t\t\t\t<\/figcaption><\/figure><figure class='gallery-item'>\n\t\t\t<div class='gallery-icon portrait'>\n\t\t\t\t<a href='http:\/\/widz.info\/?attachment_id=2905'><img width=\"150\" height=\"150\" src=\"http:\/\/widz.info\/wp-content\/uploads\/2017\/03\/\u015aCIE\u017bKA-W-LESIE-1889-150x150.jpg\" class=\"attachment-thumbnail size-thumbnail\" alt=\"\" loading=\"lazy\" aria-describedby=\"gallery-1-2905\" srcset=\"http:\/\/widz.info\/wp-content\/uploads\/2017\/03\/\u015aCIE\u017bKA-W-LESIE-1889-150x150.jpg 150w, http:\/\/widz.info\/wp-content\/uploads\/2017\/03\/\u015aCIE\u017bKA-W-LESIE-1889-50x50.jpg 50w\" sizes=\"(max-width: 150px) 100vw, 150px\" \/><\/a>\n\t\t\t<\/div>\n\t\t\t\t<figcaption class='wp-caption-text gallery-caption' id='gallery-1-2905'>\n\t\t\t\t\u015acie\u017cka w lesie, 1889\n\t\t\t\t<\/figcaption><\/figure><figure class='gallery-item'>\n\t\t\t<div class='gallery-icon landscape'>\n\t\t\t\t<a href='http:\/\/widz.info\/?attachment_id=2906'><img width=\"150\" height=\"150\" src=\"http:\/\/widz.info\/wp-content\/uploads\/2017\/03\/wawel-150x150.jpg\" class=\"attachment-thumbnail size-thumbnail\" alt=\"\" loading=\"lazy\" aria-describedby=\"gallery-1-2906\" srcset=\"http:\/\/widz.info\/wp-content\/uploads\/2017\/03\/wawel-150x150.jpg 150w, http:\/\/widz.info\/wp-content\/uploads\/2017\/03\/wawel-50x50.jpg 50w\" sizes=\"(max-width: 150px) 100vw, 150px\" \/><\/a>\n\t\t\t<\/div>\n\t\t\t\t<figcaption class='wp-caption-text gallery-caption' id='gallery-1-2906'>\n\t\t\t\tWawel\n\t\t\t\t<\/figcaption><\/figure><figure class='gallery-item'>\n\t\t\t<div class='gallery-icon landscape'>\n\t\t\t\t<a href='http:\/\/widz.info\/?attachment_id=2907'><img width=\"150\" height=\"150\" src=\"http:\/\/widz.info\/wp-content\/uploads\/2017\/03\/Widok_na_Wawel-1873-150x150.jpg\" class=\"attachment-thumbnail size-thumbnail\" alt=\"\" loading=\"lazy\" aria-describedby=\"gallery-1-2907\" srcset=\"http:\/\/widz.info\/wp-content\/uploads\/2017\/03\/Widok_na_Wawel-1873-150x150.jpg 150w, http:\/\/widz.info\/wp-content\/uploads\/2017\/03\/Widok_na_Wawel-1873-50x50.jpg 50w\" sizes=\"(max-width: 150px) 100vw, 150px\" \/><\/a>\n\t\t\t<\/div>\n\t\t\t\t<figcaption class='wp-caption-text gallery-caption' id='gallery-1-2907'>\n\t\t\t\tWidok na Wawel, 1873\n\t\t\t\t<\/figcaption><\/figure><figure class='gallery-item'>\n\t\t\t<div class='gallery-icon landscape'>\n\t\t\t\t<a href='http:\/\/widz.info\/?attachment_id=2908'><img width=\"150\" height=\"150\" src=\"http:\/\/widz.info\/wp-content\/uploads\/2017\/03\/Wies_pod_Kielcami-1870-150x150.jpg\" class=\"attachment-thumbnail size-thumbnail\" alt=\"\" loading=\"lazy\" aria-describedby=\"gallery-1-2908\" srcset=\"http:\/\/widz.info\/wp-content\/uploads\/2017\/03\/Wies_pod_Kielcami-1870-150x150.jpg 150w, http:\/\/widz.info\/wp-content\/uploads\/2017\/03\/Wies_pod_Kielcami-1870-50x50.jpg 50w\" sizes=\"(max-width: 150px) 100vw, 150px\" \/><\/a>\n\t\t\t<\/div>\n\t\t\t\t<figcaption class='wp-caption-text gallery-caption' id='gallery-1-2908'>\n\t\t\t\tWie\u015b pod Kielcami, 1870\n\t\t\t\t<\/figcaption><\/figure><figure class='gallery-item'>\n\t\t\t<div class='gallery-icon landscape'>\n\t\t\t\t<a href='http:\/\/widz.info\/?attachment_id=2909'><img width=\"150\" height=\"150\" src=\"http:\/\/widz.info\/wp-content\/uploads\/2017\/03\/Wie\u015b-Bia\u0142ogon-pod-Kielcami-1870-150x150.jpg\" class=\"attachment-thumbnail size-thumbnail\" alt=\"\" loading=\"lazy\" aria-describedby=\"gallery-1-2909\" srcset=\"http:\/\/widz.info\/wp-content\/uploads\/2017\/03\/Wie\u015b-Bia\u0142ogon-pod-Kielcami-1870-150x150.jpg 150w, http:\/\/widz.info\/wp-content\/uploads\/2017\/03\/Wie\u015b-Bia\u0142ogon-pod-Kielcami-1870-50x50.jpg 50w\" sizes=\"(max-width: 150px) 100vw, 150px\" \/><\/a>\n\t\t\t<\/div>\n\t\t\t\t<figcaption class='wp-caption-text gallery-caption' id='gallery-1-2909'>\n\t\t\t\tWie\u015b Bia\u0142ogon pod Kielcami, 1870\n\t\t\t\t<\/figcaption><\/figure><figure class='gallery-item'>\n\t\t\t<div class='gallery-icon landscape'>\n\t\t\t\t<a href='http:\/\/widz.info\/?attachment_id=2910'><img width=\"150\" height=\"150\" src=\"http:\/\/widz.info\/wp-content\/uploads\/2017\/03\/Wnetrze_lasu-ok-1880-150x150.jpg\" class=\"attachment-thumbnail size-thumbnail\" alt=\"\" loading=\"lazy\" aria-describedby=\"gallery-1-2910\" srcset=\"http:\/\/widz.info\/wp-content\/uploads\/2017\/03\/Wnetrze_lasu-ok-1880-150x150.jpg 150w, http:\/\/widz.info\/wp-content\/uploads\/2017\/03\/Wnetrze_lasu-ok-1880-50x50.jpg 50w\" sizes=\"(max-width: 150px) 100vw, 150px\" \/><\/a>\n\t\t\t<\/div>\n\t\t\t\t<figcaption class='wp-caption-text gallery-caption' id='gallery-1-2910'>\n\t\t\t\tWn\u0119trze lasu, ok. 1880\n\t\t\t\t<\/figcaption><\/figure><figure class='gallery-item'>\n\t\t\t<div class='gallery-icon landscape'>\n\t\t\t\t<a href='http:\/\/widz.info\/?attachment_id=2911'><img width=\"150\" height=\"150\" src=\"http:\/\/widz.info\/wp-content\/uploads\/2017\/03\/Wnetrze_pracowni-1883-150x150.jpg\" class=\"attachment-thumbnail size-thumbnail\" alt=\"\" loading=\"lazy\" aria-describedby=\"gallery-1-2911\" srcset=\"http:\/\/widz.info\/wp-content\/uploads\/2017\/03\/Wnetrze_pracowni-1883-150x150.jpg 150w, http:\/\/widz.info\/wp-content\/uploads\/2017\/03\/Wnetrze_pracowni-1883-50x50.jpg 50w\" sizes=\"(max-width: 150px) 100vw, 150px\" \/><\/a>\n\t\t\t<\/div>\n\t\t\t\t<figcaption class='wp-caption-text gallery-caption' id='gallery-1-2911'>\n\t\t\t\tWn\u0119trze pracowni, 1883\n\t\t\t\t<\/figcaption><\/figure><figure class='gallery-item'>\n\t\t\t<div class='gallery-icon landscape'>\n\t\t\t\t<a href='http:\/\/widz.info\/?attachment_id=2912'><img width=\"150\" height=\"150\" src=\"http:\/\/widz.info\/wp-content\/uploads\/2017\/03\/wojska-powstancze-w-pochodzie-150x150.jpg\" class=\"attachment-thumbnail size-thumbnail\" alt=\"\" loading=\"lazy\" aria-describedby=\"gallery-1-2912\" srcset=\"http:\/\/widz.info\/wp-content\/uploads\/2017\/03\/wojska-powstancze-w-pochodzie-150x150.jpg 150w, http:\/\/widz.info\/wp-content\/uploads\/2017\/03\/wojska-powstancze-w-pochodzie-50x50.jpg 50w\" sizes=\"(max-width: 150px) 100vw, 150px\" \/><\/a>\n\t\t\t<\/div>\n\t\t\t\t<figcaption class='wp-caption-text gallery-caption' id='gallery-1-2912'>\n\t\t\t\tWojska powsta\u0144cze w pochodzie\n\t\t\t\t<\/figcaption><\/figure><figure class='gallery-item'>\n\t\t\t<div class='gallery-icon landscape'>\n\t\t\t\t<a href='http:\/\/widz.info\/?attachment_id=2913'><img width=\"150\" height=\"150\" src=\"http:\/\/widz.info\/wp-content\/uploads\/2017\/03\/WYJAZD-NA-POLOWANIE-1882-150x150.jpg\" class=\"attachment-thumbnail size-thumbnail\" alt=\"\" loading=\"lazy\" aria-describedby=\"gallery-1-2913\" srcset=\"http:\/\/widz.info\/wp-content\/uploads\/2017\/03\/WYJAZD-NA-POLOWANIE-1882-150x150.jpg 150w, http:\/\/widz.info\/wp-content\/uploads\/2017\/03\/WYJAZD-NA-POLOWANIE-1882-50x50.jpg 50w\" sizes=\"(max-width: 150px) 100vw, 150px\" \/><\/a>\n\t\t\t<\/div>\n\t\t\t\t<figcaption class='wp-caption-text gallery-caption' id='gallery-1-2913'>\n\t\t\t\tWujazd na polowanie, 1882\n\t\t\t\t<\/figcaption><\/figure>\n\t\t<\/div>\n\n<p>&nbsp;<\/p>\n<div class=\"sharedaddy sd-sharing-enabled\"><div class=\"robots-nocontent sd-block sd-social sd-social-icon-text sd-sharing\"><h3 class=\"sd-title\">Share this:<\/h3><div class=\"sd-content\"><ul><li class=\"share-facebook\"><a rel=\"nofollow noopener noreferrer\" data-shared=\"sharing-facebook-2878\" class=\"share-facebook sd-button share-icon\" href=\"http:\/\/widz.info\/?p=2878&amp;share=facebook\" target=\"_blank\" title=\"Click to share on Facebook\"><span>Facebook<\/span><\/a><\/li><li class=\"share-twitter\"><a rel=\"nofollow noopener noreferrer\" data-shared=\"sharing-twitter-2878\" class=\"share-twitter sd-button share-icon\" href=\"http:\/\/widz.info\/?p=2878&amp;share=twitter\" target=\"_blank\" title=\"Click to share on Twitter\"><span>Twitter<\/span><\/a><\/li><li class=\"share-linkedin\"><a rel=\"nofollow noopener noreferrer\" data-shared=\"sharing-linkedin-2878\" class=\"share-linkedin sd-button share-icon\" href=\"http:\/\/widz.info\/?p=2878&amp;share=linkedin\" target=\"_blank\" title=\"Click to share on LinkedIn\"><span>LinkedIn<\/span><\/a><\/li><li class=\"share-reddit\"><a rel=\"nofollow noopener noreferrer\" data-shared=\"\" class=\"share-reddit sd-button share-icon\" href=\"http:\/\/widz.info\/?p=2878&amp;share=reddit\" target=\"_blank\" title=\"Click to share on Reddit\"><span>Reddit<\/span><\/a><\/li><li class=\"share-email\"><a rel=\"nofollow noopener noreferrer\" data-shared=\"\" class=\"share-email sd-button share-icon\" href=\"http:\/\/widz.info\/?p=2878&amp;share=email\" target=\"_blank\" title=\"Click to email this to a friend\"><span>Email<\/span><\/a><\/li><li class=\"share-end\"><\/li><\/ul><\/div><\/div><\/div>","protected":false},"excerpt":{"rendered":"<p>Malarz realista, pejza\u017cysta i &#8211; cokolwiek by to znaczy\u0142o &#8211; przedstawiciel szko\u0142y monachijskiej urodzi\u0142 sie jako syn Ignacego pisarza prowentowego, a p\u00f3\u017aniej kasjera zak\u0142ad\u00f3w g\u00f3rniczych w Suchedniowie. Malecki studiowa\u0142 w warszawskiej Szkole Sztuk Pieknych pod kierunkiem profesora Chrystiana Breslauera (1802 &#8211; 1882) te\u017c pejza\u017cysty. Otrzymawszy stypendium rzadowe, od 1866 r. kontynuowa\u0142 nauk\u0119 w Monachium. Jak [&hellip;]<\/p>\n<div class=\"sharedaddy sd-sharing-enabled\"><div class=\"robots-nocontent sd-block sd-social sd-social-icon-text sd-sharing\"><h3 class=\"sd-title\">Share this:<\/h3><div class=\"sd-content\"><ul><li class=\"share-facebook\"><a rel=\"nofollow noopener noreferrer\" data-shared=\"sharing-facebook-2878\" class=\"share-facebook sd-button share-icon\" href=\"http:\/\/widz.info\/?p=2878&amp;share=facebook\" target=\"_blank\" title=\"Click to share on Facebook\"><span>Facebook<\/span><\/a><\/li><li class=\"share-twitter\"><a rel=\"nofollow noopener noreferrer\" data-shared=\"sharing-twitter-2878\" class=\"share-twitter sd-button share-icon\" href=\"http:\/\/widz.info\/?p=2878&amp;share=twitter\" target=\"_blank\" title=\"Click to share on Twitter\"><span>Twitter<\/span><\/a><\/li><li class=\"share-linkedin\"><a rel=\"nofollow noopener noreferrer\" data-shared=\"sharing-linkedin-2878\" class=\"share-linkedin sd-button share-icon\" href=\"http:\/\/widz.info\/?p=2878&amp;share=linkedin\" target=\"_blank\" title=\"Click to share on LinkedIn\"><span>LinkedIn<\/span><\/a><\/li><li class=\"share-reddit\"><a rel=\"nofollow noopener noreferrer\" data-shared=\"\" class=\"share-reddit sd-button share-icon\" href=\"http:\/\/widz.info\/?p=2878&amp;share=reddit\" target=\"_blank\" title=\"Click to share on Reddit\"><span>Reddit<\/span><\/a><\/li><li class=\"share-email\"><a rel=\"nofollow noopener noreferrer\" data-shared=\"\" class=\"share-email sd-button share-icon\" href=\"http:\/\/widz.info\/?p=2878&amp;share=email\" target=\"_blank\" title=\"Click to email this to a friend\"><span>Email<\/span><\/a><\/li><li class=\"share-end\"><\/li><\/ul><\/div><\/div><\/div>","protected":false},"author":1,"featured_media":2909,"comment_status":"open","ping_status":"open","sticky":false,"template":"","format":"standard","meta":{"spay_email":"","jetpack_publicize_message":"","jetpack_is_tweetstorm":false,"jetpack_publicize_feature_enabled":true},"categories":[280,238],"tags":[301,298,302,304,300,303,299],"jetpack_featured_media_url":"http:\/\/widz.info\/wp-content\/uploads\/2017\/03\/Wie\u015b-Bia\u0142ogon-pod-Kielcami-1870.jpg","jetpack_publicize_connections":[],"jetpack_sharing_enabled":true,"_links":{"self":[{"href":"http:\/\/widz.info\/index.php?rest_route=\/wp\/v2\/posts\/2878"}],"collection":[{"href":"http:\/\/widz.info\/index.php?rest_route=\/wp\/v2\/posts"}],"about":[{"href":"http:\/\/widz.info\/index.php?rest_route=\/wp\/v2\/types\/post"}],"author":[{"embeddable":true,"href":"http:\/\/widz.info\/index.php?rest_route=\/wp\/v2\/users\/1"}],"replies":[{"embeddable":true,"href":"http:\/\/widz.info\/index.php?rest_route=%2Fwp%2Fv2%2Fcomments&post=2878"}],"version-history":[{"count":6,"href":"http:\/\/widz.info\/index.php?rest_route=\/wp\/v2\/posts\/2878\/revisions"}],"predecessor-version":[{"id":2915,"href":"http:\/\/widz.info\/index.php?rest_route=\/wp\/v2\/posts\/2878\/revisions\/2915"}],"wp:featuredmedia":[{"embeddable":true,"href":"http:\/\/widz.info\/index.php?rest_route=\/wp\/v2\/media\/2909"}],"wp:attachment":[{"href":"http:\/\/widz.info\/index.php?rest_route=%2Fwp%2Fv2%2Fmedia&parent=2878"}],"wp:term":[{"taxonomy":"category","embeddable":true,"href":"http:\/\/widz.info\/index.php?rest_route=%2Fwp%2Fv2%2Fcategories&post=2878"},{"taxonomy":"post_tag","embeddable":true,"href":"http:\/\/widz.info\/index.php?rest_route=%2Fwp%2Fv2%2Ftags&post=2878"}],"curies":[{"name":"wp","href":"https:\/\/api.w.org\/{rel}","templated":true}]}}