{"id":2865,"date":"2017-03-31T00:39:24","date_gmt":"2017-03-30T23:39:24","guid":{"rendered":"http:\/\/widz.info\/?p=2865"},"modified":"2017-03-31T00:39:58","modified_gmt":"2017-03-30T23:39:58","slug":"aniela-poraj-biernacka-1858-1919","status":"publish","type":"post","link":"http:\/\/widz.info\/?p=2865","title":{"rendered":"Aniela Poraj-Biernacka 1858 &#8211; 1919"},"content":{"rendered":"<p><b>Aniela Poraj-Biernacka<\/b><strong>\u00a0 &#8211; ur. 1858, a podobno zm. 26 sierpnia 1919 \u2013 polska malarka, c\u00f3rka Adama Micha\u0142a Biernackiego i Julii z domu Pancer. Napisa\u0142em podobno, bowiem napotka\u0142em te\u017c date jej \u015bmierci 1918 r.<br \/>\n<\/strong><\/p>\n<p><strong>Studiowa\u0142a w <a title=\"Warszawa\" href=\"https:\/\/pl.wikipedia.org\/wiki\/Warszawa\">Warszawie<\/a> na kursach dla kobiet prowadzonych przez <a title=\"Wojciech Gerson\" href=\"https:\/\/pl.wikipedia.org\/wiki\/Wojciech_Gerson\">Wojciecha Gersona<\/a>, a nast\u0119pnie w Pary\u017cu w <a title=\"Acad\u00e9mie Julian\" href=\"https:\/\/pl.wikipedia.org\/wiki\/Acad%C3%A9mie_Julian\">Acad\u00e9mie Julian<\/a> u <a title=\"Jules Joseph Lefebvre\" href=\"https:\/\/pl.wikipedia.org\/wiki\/Jules_Joseph_Lefebvre\">Jules Joseph Lefebvre<\/a>, <a title=\"Jean-Paul Laurens\" href=\"https:\/\/pl.wikipedia.org\/wiki\/Jean-Paul_Laurens\">Jean-Paul Laurens<\/a> i <a title=\"Jean-Joseph Benjamin-Constant\" href=\"https:\/\/pl.wikipedia.org\/wiki\/Jean-Joseph_Benjamin-Constant\">Jean-Joseph Benjamin-Constant<\/a> &#8211; tyle czytamy w Wikipedii, na stronach muzealnych itp. Niewiele, a i obraz\u00f3w mamy do dyspozycji tej witrynki te\u017c mizern\u0105 ilo\u015b\u0107. No to zobaczmy ten skromny zbi\u00f3r, a moze natrafimy kiedy\u015b i na wi\u0119kszy?<br \/>\n<\/strong><\/p>\n<div id='gallery-1' class='gallery galleryid-2865 gallery-columns-3 gallery-size-thumbnail'><figure class='gallery-item'>\n\t\t\t<div class='gallery-icon portrait'>\n\t\t\t\t<a href='http:\/\/widz.info\/?attachment_id=2866'><img width=\"150\" height=\"150\" src=\"http:\/\/widz.info\/wp-content\/uploads\/2017\/03\/Aniela_Poraj-Biernacka-Autoportret-mi\u0119dzy-1878-1883-150x150.jpg\" class=\"attachment-thumbnail size-thumbnail\" alt=\"\" loading=\"lazy\" aria-describedby=\"gallery-1-2866\" srcset=\"http:\/\/widz.info\/wp-content\/uploads\/2017\/03\/Aniela_Poraj-Biernacka-Autoportret-mi\u0119dzy-1878-1883-150x150.jpg 150w, http:\/\/widz.info\/wp-content\/uploads\/2017\/03\/Aniela_Poraj-Biernacka-Autoportret-mi\u0119dzy-1878-1883-50x50.jpg 50w\" sizes=\"(max-width: 150px) 100vw, 150px\" \/><\/a>\n\t\t\t<\/div>\n\t\t\t\t<figcaption class='wp-caption-text gallery-caption' id='gallery-1-2866'>\n\t\t\t\tAutoportret 1878 1883\n\t\t\t\t<\/figcaption><\/figure><figure class='gallery-item'>\n\t\t\t<div class='gallery-icon portrait'>\n\t\t\t\t<a href='http:\/\/widz.info\/?attachment_id=2867'><img width=\"150\" height=\"150\" src=\"http:\/\/widz.info\/wp-content\/uploads\/2017\/03\/Aniela_Poraj-Biernacka-Portret_Cypriana_Lachnickiego-przed-1905-150x150.jpg\" class=\"attachment-thumbnail size-thumbnail\" alt=\"\" loading=\"lazy\" aria-describedby=\"gallery-1-2867\" srcset=\"http:\/\/widz.info\/wp-content\/uploads\/2017\/03\/Aniela_Poraj-Biernacka-Portret_Cypriana_Lachnickiego-przed-1905-150x150.jpg 150w, http:\/\/widz.info\/wp-content\/uploads\/2017\/03\/Aniela_Poraj-Biernacka-Portret_Cypriana_Lachnickiego-przed-1905-50x50.jpg 50w\" sizes=\"(max-width: 150px) 100vw, 150px\" \/><\/a>\n\t\t\t<\/div>\n\t\t\t\t<figcaption class='wp-caption-text gallery-caption' id='gallery-1-2867'>\n\t\t\t\tPortret Cypriana lachnickiego przed 1905 \n\t\t\t\t<\/figcaption><\/figure><figure class='gallery-item'>\n\t\t\t<div class='gallery-icon portrait'>\n\t\t\t\t<a href='http:\/\/widz.info\/?attachment_id=2868'><img width=\"150\" height=\"150\" src=\"http:\/\/widz.info\/wp-content\/uploads\/2017\/03\/Glowa-Chrystusa-150x150.jpg\" class=\"attachment-thumbnail size-thumbnail\" alt=\"\" loading=\"lazy\" aria-describedby=\"gallery-1-2868\" srcset=\"http:\/\/widz.info\/wp-content\/uploads\/2017\/03\/Glowa-Chrystusa-150x150.jpg 150w, http:\/\/widz.info\/wp-content\/uploads\/2017\/03\/Glowa-Chrystusa-50x50.jpg 50w\" sizes=\"(max-width: 150px) 100vw, 150px\" \/><\/a>\n\t\t\t<\/div>\n\t\t\t\t<figcaption class='wp-caption-text gallery-caption' id='gallery-1-2868'>\n\t\t\t\tG\u0142owa Chrystusa\n\t\t\t\t<\/figcaption><\/figure>\n\t\t<\/div>\n\n<div class=\"sharedaddy sd-sharing-enabled\"><div class=\"robots-nocontent sd-block sd-social sd-social-icon-text sd-sharing\"><h3 class=\"sd-title\">Share this:<\/h3><div class=\"sd-content\"><ul><li class=\"share-facebook\"><a rel=\"nofollow noopener noreferrer\" data-shared=\"sharing-facebook-2865\" class=\"share-facebook sd-button share-icon\" href=\"http:\/\/widz.info\/?p=2865&amp;share=facebook\" target=\"_blank\" title=\"Click to share on Facebook\"><span>Facebook<\/span><\/a><\/li><li class=\"share-twitter\"><a rel=\"nofollow noopener noreferrer\" data-shared=\"sharing-twitter-2865\" class=\"share-twitter sd-button share-icon\" href=\"http:\/\/widz.info\/?p=2865&amp;share=twitter\" target=\"_blank\" title=\"Click to share on Twitter\"><span>Twitter<\/span><\/a><\/li><li class=\"share-linkedin\"><a rel=\"nofollow noopener noreferrer\" data-shared=\"sharing-linkedin-2865\" class=\"share-linkedin sd-button share-icon\" href=\"http:\/\/widz.info\/?p=2865&amp;share=linkedin\" target=\"_blank\" title=\"Click to share on LinkedIn\"><span>LinkedIn<\/span><\/a><\/li><li class=\"share-reddit\"><a rel=\"nofollow noopener noreferrer\" data-shared=\"\" class=\"share-reddit sd-button share-icon\" href=\"http:\/\/widz.info\/?p=2865&amp;share=reddit\" target=\"_blank\" title=\"Click to share on Reddit\"><span>Reddit<\/span><\/a><\/li><li class=\"share-email\"><a rel=\"nofollow noopener noreferrer\" data-shared=\"\" class=\"share-email sd-button share-icon\" href=\"http:\/\/widz.info\/?p=2865&amp;share=email\" target=\"_blank\" title=\"Click to email this to a friend\"><span>Email<\/span><\/a><\/li><li class=\"share-end\"><\/li><\/ul><\/div><\/div><\/div>","protected":false},"excerpt":{"rendered":"<p>Aniela Poraj-Biernacka\u00a0 &#8211; ur. 1858, a podobno zm. 26 sierpnia 1919 \u2013 polska malarka, c\u00f3rka Adama Micha\u0142a Biernackiego i Julii z domu Pancer. Napisa\u0142em podobno, bowiem napotka\u0142em te\u017c date jej \u015bmierci 1918 r. Studiowa\u0142a w Warszawie na kursach dla kobiet prowadzonych przez Wojciecha Gersona, a nast\u0119pnie w Pary\u017cu w Acad\u00e9mie Julian u Jules Joseph Lefebvre, [&hellip;]<\/p>\n<div class=\"sharedaddy sd-sharing-enabled\"><div class=\"robots-nocontent sd-block sd-social sd-social-icon-text sd-sharing\"><h3 class=\"sd-title\">Share this:<\/h3><div class=\"sd-content\"><ul><li class=\"share-facebook\"><a rel=\"nofollow noopener noreferrer\" data-shared=\"sharing-facebook-2865\" class=\"share-facebook sd-button share-icon\" href=\"http:\/\/widz.info\/?p=2865&amp;share=facebook\" target=\"_blank\" title=\"Click to share on Facebook\"><span>Facebook<\/span><\/a><\/li><li class=\"share-twitter\"><a rel=\"nofollow noopener noreferrer\" data-shared=\"sharing-twitter-2865\" class=\"share-twitter sd-button share-icon\" href=\"http:\/\/widz.info\/?p=2865&amp;share=twitter\" target=\"_blank\" title=\"Click to share on Twitter\"><span>Twitter<\/span><\/a><\/li><li class=\"share-linkedin\"><a rel=\"nofollow noopener noreferrer\" data-shared=\"sharing-linkedin-2865\" class=\"share-linkedin sd-button share-icon\" href=\"http:\/\/widz.info\/?p=2865&amp;share=linkedin\" target=\"_blank\" title=\"Click to share on LinkedIn\"><span>LinkedIn<\/span><\/a><\/li><li class=\"share-reddit\"><a rel=\"nofollow noopener noreferrer\" data-shared=\"\" class=\"share-reddit sd-button share-icon\" href=\"http:\/\/widz.info\/?p=2865&amp;share=reddit\" target=\"_blank\" title=\"Click to share on Reddit\"><span>Reddit<\/span><\/a><\/li><li class=\"share-email\"><a rel=\"nofollow noopener noreferrer\" data-shared=\"\" class=\"share-email sd-button share-icon\" href=\"http:\/\/widz.info\/?p=2865&amp;share=email\" target=\"_blank\" title=\"Click to email this to a friend\"><span>Email<\/span><\/a><\/li><li class=\"share-end\"><\/li><\/ul><\/div><\/div><\/div>","protected":false},"author":1,"featured_media":2868,"comment_status":"open","ping_status":"open","sticky":false,"template":"","format":"standard","meta":{"spay_email":"","jetpack_publicize_message":"","jetpack_is_tweetstorm":false,"jetpack_publicize_feature_enabled":true},"categories":[280,238,236],"tags":[294,292,291,297,296,295,293],"jetpack_featured_media_url":"http:\/\/widz.info\/wp-content\/uploads\/2017\/03\/Glowa-Chrystusa.jpg","jetpack_publicize_connections":[],"jetpack_sharing_enabled":true,"_links":{"self":[{"href":"http:\/\/widz.info\/index.php?rest_route=\/wp\/v2\/posts\/2865"}],"collection":[{"href":"http:\/\/widz.info\/index.php?rest_route=\/wp\/v2\/posts"}],"about":[{"href":"http:\/\/widz.info\/index.php?rest_route=\/wp\/v2\/types\/post"}],"author":[{"embeddable":true,"href":"http:\/\/widz.info\/index.php?rest_route=\/wp\/v2\/users\/1"}],"replies":[{"embeddable":true,"href":"http:\/\/widz.info\/index.php?rest_route=%2Fwp%2Fv2%2Fcomments&post=2865"}],"version-history":[{"count":1,"href":"http:\/\/widz.info\/index.php?rest_route=\/wp\/v2\/posts\/2865\/revisions"}],"predecessor-version":[{"id":2874,"href":"http:\/\/widz.info\/index.php?rest_route=\/wp\/v2\/posts\/2865\/revisions\/2874"}],"wp:featuredmedia":[{"embeddable":true,"href":"http:\/\/widz.info\/index.php?rest_route=\/wp\/v2\/media\/2868"}],"wp:attachment":[{"href":"http:\/\/widz.info\/index.php?rest_route=%2Fwp%2Fv2%2Fmedia&parent=2865"}],"wp:term":[{"taxonomy":"category","embeddable":true,"href":"http:\/\/widz.info\/index.php?rest_route=%2Fwp%2Fv2%2Fcategories&post=2865"},{"taxonomy":"post_tag","embeddable":true,"href":"http:\/\/widz.info\/index.php?rest_route=%2Fwp%2Fv2%2Ftags&post=2865"}],"curies":[{"name":"wp","href":"https:\/\/api.w.org\/{rel}","templated":true}]}}